{"id":860,"__str__":"Of\u00edcio - Publica\u00e7\u00e3o Imprensa Oficial de 30/05/2025 por Maria Virginia do Amaral Mancini","link_detail_backend":"/materia/documentoacessorio/860","metadata":{"signs":{"arquivo":{"admin":[],"autores":[["Cintia Cristina Grossklauss",["2025-05-30T16:35:42-03:00","ICP-Brasil"]]]}}},"nome":"Publica\u00e7\u00e3o Imprensa Oficial","data":"2025-05-30","autor":"Maria Virginia do Amaral Mancini","ementa":"Of\u00edcio n\u00ba 281/2025-VM - Encaminha projeto para publica\u00e7\u00e3o.","indexacao":"","arquivo":"http://sapl.leme.sp.leg.br/media/sapl/public/documentoacessorio/2025/860/of_281-25_-_imprensa_plc_23_24_25.pdf","data_ultima_atualizacao":"2025-05-30T16:53:08.517734-03:00","materia":5563,"tipo":19}