{"id":281,"__str__":"Requerimento n\u00ba 25 de 2020","link_detail_backend":"/materia/281","metadata":{},"numero":25,"ano":2020,"numero_protocolo":null,"data_apresentacao":"2020-03-02","tipo_apresentacao":"E","data_publicacao":null,"numero_origem_externa":"","ano_origem_externa":null,"data_origem_externa":null,"apelido":"","dias_prazo":null,"data_fim_prazo":null,"em_tramitacao":false,"polemica":false,"objeto":"","complementar":false,"ementa":"Requer informa\u00e7\u00f5es sobre as medidas tomadas para tornar o pre\u00e7o da nossa \u00e1gua mais acess\u00edvel.","indexacao":"","observacao":"","resultado":"","texto_original":"http://sapl.leme.sp.leg.br/media/sapl/public/materialegislativa/2020/281/25.pdf","data_ultima_atualizacao":"2020-04-02T15:11:10.420252-03:00","ip":"177.52.105.15","ultima_edicao":"2020-04-02T15:10:23.586715-03:00","tipo":10,"regime_tramitacao":1,"tipo_origem_externa":null,"local_origem_externa":null,"user":3,"anexadas":[565],"autores":[4]}