{"id":2893,"__str__":"Indica\u00e7\u00e3o n\u00ba 601 de 2024","link_detail_backend":"/materia/2893","metadata":{},"numero":601,"ano":2024,"numero_protocolo":1167,"data_apresentacao":"2024-08-13","tipo_apresentacao":"","data_publicacao":null,"numero_origem_externa":"","ano_origem_externa":null,"data_origem_externa":null,"apelido":"","dias_prazo":null,"data_fim_prazo":null,"em_tramitacao":false,"polemica":false,"objeto":"","complementar":false,"ementa":"A limpeza e a revitaliza\u00e7\u00e3o da \u00e1rea p\u00fablica da pra\u00e7a denominada \u201cNair Pavan Landgraf\u201d, bairro Cidade Jardim.","indexacao":"","observacao":"","resultado":"","texto_original":"http://sapl.leme.sp.leg.br/media/sapl/public/materialegislativa/2024/2893/1_-_a_limpeza_e_a_revitalizacao_da_area_publica_da_pracadenominada_nair_pavan_landgraf_bairro_cidade_jardim..pdf","data_ultima_atualizacao":"2024-08-19T15:39:20.191611-03:00","ip":"177.52.109.119","ultima_edicao":"2024-08-13T12:15:36.504424-03:00","tipo":11,"regime_tramitacao":1,"tipo_origem_externa":null,"local_origem_externa":null,"user":30,"anexadas":[],"autores":[64]}