{"id":439,"__str__":"Projeto de Lei Complementar n\u00ba 15 de 2020","link_detail_backend":"/materia/439","metadata":{},"numero":15,"ano":2020,"numero_protocolo":613,"data_apresentacao":"2020-04-17","tipo_apresentacao":"E","data_publicacao":null,"numero_origem_externa":"","ano_origem_externa":null,"data_origem_externa":null,"apelido":"","dias_prazo":null,"data_fim_prazo":null,"em_tramitacao":true,"polemica":null,"objeto":"","complementar":true,"ementa":"Disp\u00f5e sobre a prorroga\u00e7\u00e3o de prazos da contribui\u00e7\u00e3o previdenci\u00e1ria patronal do artigo 97 da Lei Municipal n\u00ba 623, de 14 de dezembro de 2011.","indexacao":"","observacao":"Of\u00edcio n\u00ba 264/2020 - GP","resultado":"","texto_original":"http://sapl.leme.sp.leg.br/media/sapl/public/materialegislativa/2020/439/of_264-20_gp_plc.pdf","data_ultima_atualizacao":"2020-04-28T15:05:43.916660-03:00","ip":"177.52.105.15","ultima_edicao":"2020-04-17T17:15:28.067434-03:00","tipo":3,"regime_tramitacao":2,"tipo_origem_externa":null,"local_origem_externa":null,"user":22,"anexadas":[],"autores":[38]}