{"id":5545,"__str__":"Indica\u00e7\u00e3o n\u00ba 864 de 2025","link_detail_backend":"/materia/5545","metadata":{},"numero":864,"ano":2025,"numero_protocolo":1384,"data_apresentacao":"2025-05-26","tipo_apresentacao":"","data_publicacao":null,"numero_origem_externa":"","ano_origem_externa":null,"data_origem_externa":null,"apelido":"","dias_prazo":null,"data_fim_prazo":null,"em_tramitacao":false,"polemica":false,"objeto":"","complementar":false,"ementa":"Indica a reinstala\u00e7\u00e3o da ilumina\u00e7\u00e3o p\u00fablica na pra\u00e7a do Jardim Am\u00e1lia.","indexacao":"","observacao":"","resultado":"","texto_original":"http://sapl.leme.sp.leg.br/media/sapl/public/materialegislativa/2025/5545/iluminacao.pdf","data_ultima_atualizacao":"2025-05-30T13:40:09.317915-03:00","ip":"177.52.109.119","ultima_edicao":"2025-05-26T13:32:40.906402-03:00","tipo":11,"regime_tramitacao":1,"tipo_origem_externa":null,"local_origem_externa":null,"user":30,"anexadas":[],"autores":[81]}